{"id":7509,"date":"2021-09-06T12:26:27","date_gmt":"2021-09-06T10:26:27","guid":{"rendered":"http:\/\/www.akdn.fr\/?p=7509"},"modified":"2021-09-06T12:26:27","modified_gmt":"2021-09-06T10:26:27","slug":"village-des-associations-au-baltard-du-5-septembre-21","status":"publish","type":"post","link":"https:\/\/akdn.fr\/index.php\/2021\/09\/06\/village-des-associations-au-baltard-du-5-septembre-21\/","title":{"rendered":"Village des associations au Baltard du 5 septembre 21"},"content":{"rendered":"<p>De 11h \u00e0 17h30, l&rsquo; AKDN \u00e9tait install\u00e9e sous le soleil stand 85 dans le p\u00f4le\u00a0 arts martiaux.<\/p>\n<p><img loading=\"lazy\" decoding=\"async\" class=\"aligncenter size-medium wp-image-7510\" title=\"l'\u00e9quipe des d\u00e9monstrateur sans Nathan\" src=\"http:\/\/192.168.1.29\/wp-content\/uploads\/2021\/09\/DSC_0703-2-300x188.jpg\" alt=\"\" width=\"300\" height=\"188\" \/><\/p>\n<p>A 15h, 7 pratiquants (Nathan, Manuella, Marc, Alex, les 2 Pascal et Patrick) ont pu exhiber une d\u00e9monstration suivie d&rsquo;une tr\u00e8s courte initiation \u00e0 de jeunes enfants.<\/p>\n<p><a href=\"http:\/\/192.168.1.29\/wp-content\/uploads\/2021\/09\/DSC_0679.jpg\"><img loading=\"lazy\" decoding=\"async\" class=\"alignleft size-thumbnail wp-image-7511\" title=\"salut\" src=\"http:\/\/192.168.1.29\/wp-content\/uploads\/2021\/09\/DSC_0679-150x150.jpg\" alt=\"\" width=\"150\" height=\"150\" \/><\/a> <a href=\"http:\/\/192.168.1.29\/wp-content\/uploads\/2021\/09\/DSC_06821.jpg\"><img loading=\"lazy\" decoding=\"async\" class=\"aligncenter size-thumbnail wp-image-7516\" title=\"Alex\" src=\"http:\/\/192.168.1.29\/wp-content\/uploads\/2021\/09\/DSC_06821-150x150.jpg\" alt=\"\" width=\"150\" height=\"150\" \/><\/a><img loading=\"lazy\" decoding=\"async\" class=\"alignright size-thumbnail wp-image-7514\" title=\"pascal\" src=\"http:\/\/192.168.1.29\/wp-content\/uploads\/2021\/09\/DSC_06912-150x150.jpg\" alt=\"\" width=\"150\" height=\"150\" \/><\/p>\n<p><a href=\"http:\/\/192.168.1.29\/wp-content\/uploads\/2021\/09\/DSC_0703-2.jpg\"><\/a><\/p>\n","protected":false},"excerpt":{"rendered":"<p>De 11h \u00e0 17h30, l&rsquo; AKDN \u00e9tait install\u00e9e sous le soleil stand 85 dans le p\u00f4le\u00a0 arts martiaux. A 15h, 7 pratiquants (Nathan, Manuella, Marc, Alex, les 2 Pascal et Patrick) ont pu exhiber une d\u00e9monstration suivie d&rsquo;une tr\u00e8s courte initiation \u00e0 de jeunes enfants.<\/p>\n","protected":false},"author":1,"featured_media":0,"comment_status":"open","ping_status":"open","sticky":false,"template":"","format":"standard","meta":{"footnotes":""},"categories":[27],"tags":[],"class_list":["post-7509","post","type-post","status-publish","format-standard","hentry","category-evenementiels-et-demonstrations"],"_links":{"self":[{"href":"https:\/\/akdn.fr\/index.php\/wp-json\/wp\/v2\/posts\/7509","targetHints":{"allow":["GET"]}}],"collection":[{"href":"https:\/\/akdn.fr\/index.php\/wp-json\/wp\/v2\/posts"}],"about":[{"href":"https:\/\/akdn.fr\/index.php\/wp-json\/wp\/v2\/types\/post"}],"author":[{"embeddable":true,"href":"https:\/\/akdn.fr\/index.php\/wp-json\/wp\/v2\/users\/1"}],"replies":[{"embeddable":true,"href":"https:\/\/akdn.fr\/index.php\/wp-json\/wp\/v2\/comments?post=7509"}],"version-history":[{"count":0,"href":"https:\/\/akdn.fr\/index.php\/wp-json\/wp\/v2\/posts\/7509\/revisions"}],"wp:attachment":[{"href":"https:\/\/akdn.fr\/index.php\/wp-json\/wp\/v2\/media?parent=7509"}],"wp:term":[{"taxonomy":"category","embeddable":true,"href":"https:\/\/akdn.fr\/index.php\/wp-json\/wp\/v2\/categories?post=7509"},{"taxonomy":"post_tag","embeddable":true,"href":"https:\/\/akdn.fr\/index.php\/wp-json\/wp\/v2\/tags?post=7509"}],"curies":[{"name":"wp","href":"https:\/\/api.w.org\/{rel}","templated":true}]}}