{"id":7394,"date":"2021-06-09T14:06:41","date_gmt":"2021-06-09T12:06:41","guid":{"rendered":"http:\/\/www.akdn.fr\/?p=7394"},"modified":"2021-06-09T14:06:41","modified_gmt":"2021-06-09T12:06:41","slug":"stage-dete-a-valloire-savoie","status":"publish","type":"post","link":"https:\/\/akdn.fr\/index.php\/2021\/06\/09\/stage-dete-a-valloire-savoie\/","title":{"rendered":"Stage d&#039;\u00e9t\u00e9 \u00e0 Valloire ( Savoie)"},"content":{"rendered":"<p>Chers adh\u00e9rents (es),<\/p>\n<p>La re-ouverture des salles nous a permis de trouver des alternatives afin de rattraper les interruptions dues au confinements impos\u00e9s.<\/p>\n<p>Pendant ces p\u00e9riodes d&rsquo;inactivit\u00e9, notre enseignant r\u00e9f\u00e9rent, Patrick, vice pr\u00e9sident de la Ligue IDF A\u00efkido, a \u00e9t\u00e9 certifi\u00e9 \u00ab\u00a0Pr\u00e9parateur Mental pour la Performance Professionnelle et sportive\u00a0\u00bb ce mois ci. Il a \u00e9t\u00e9 \u00e9lu par ailleurs, responsable des pr\u00e9ventions et sensibilisations nationales contre la radicalisation, les violences sexuelles, les LGBT+phobies aupr\u00e9s de notre f\u00e9d\u00e9ration par le minist\u00e8re de sports. Apr\u00e9s avoir \u00e9t\u00e9 \u00e0 l&rsquo;origine de la cr\u00e9ation du comit\u00e9 technique jeune f\u00e9d\u00e9ral, il a produit avec Ha lan et 10 autres experts nationaux, un dossier p\u00e9dagogique \u00e0 l&rsquo;intention des enseignants enfants et ados sur le plan national. Depuis le d\u00e9but de saison, malheureusement \u00e9court\u00e9e, ils ont pu s&rsquo;entrainer en cr\u00e9neaux r\u00e9serv\u00e9s aux sportifs professionnels, tout au long de cette ann\u00e9e.<\/p>\n<p>Vous concernant, nos enseignants vous proposent un stage exceptionnel cet \u00e9t\u00e9 du 24 au 30\u00a0juillet 21, \u00e0 la montagne qui permettra de retrouver nos acquis et poursuivre nos progr\u00e9s.<br \/>\nCe stage sera gratuit pour les adh\u00e9rents inscrits cette ann\u00e9e. L&rsquo; AKDN prendra en charge une partie du transport. Il ne reste que la pension compl\u00e8te qui aura \u00e9t\u00e9 n\u00e9goci\u00e9e pour nous \u00e0 un tarif exceptionnel de 78\u20ac\/par jour pour adultes et 63\u20ac\/jour pour les moins de 14 ans.<\/p>\n<p>Il faut r\u00e9server aupr\u00e9s de nos enseignants par un ch\u00e8que de caution de 100\u20ac \u00a0au nom de l&rsquo;h\u00f4tel le TATAMI avant le 25 juin. Cliquez sur ce lien:\u00a0<a href=\"http:\/\/192.168.1.29\/wp-content\/uploads\/2021\/06\/Stage-TATAMI-2021-ter.pdf\">Stage en savoie juillet 21<\/a><\/p>\n<p>Restant \u00e0 votre \u00e9coute, nous vous souhaitons un d\u00e9confinement tourn\u00e9 vers l&rsquo;apaisement et la pratique harmonieuse<\/p>\n<p>Le bureau<\/p>\n<p>&nbsp;<\/p>\n","protected":false},"excerpt":{"rendered":"<p>Chers adh\u00e9rents (es), La re-ouverture des salles nous a permis de trouver des alternatives afin de rattraper les interruptions dues au confinements impos\u00e9s. Pendant ces p\u00e9riodes d&rsquo;inactivit\u00e9, notre enseignant r\u00e9f\u00e9rent, Patrick, vice pr\u00e9sident de la Ligue IDF A\u00efkido, a \u00e9t\u00e9 certifi\u00e9 \u00ab\u00a0Pr\u00e9parateur Mental pour la Performance Professionnelle et sportive\u00a0\u00bb ce mois ci. Il a \u00e9t\u00e9 &#8230; <a title=\"Stage d&#039;\u00e9t\u00e9 \u00e0 Valloire ( Savoie)\" class=\"read-more\" href=\"https:\/\/akdn.fr\/index.php\/2021\/06\/09\/stage-dete-a-valloire-savoie\/\" aria-label=\"En savoir plus sur Stage d&#039;\u00e9t\u00e9 \u00e0 Valloire ( Savoie)\">Lire la suite<\/a><\/p>\n","protected":false},"author":1,"featured_media":0,"comment_status":"open","ping_status":"open","sticky":false,"template":"","format":"standard","meta":{"footnotes":""},"categories":[3,6,8,44,45,61],"tags":[],"class_list":["post-7394","post","type-post","status-publish","format-standard","hentry","category-ados-activite","category-assemblee","category-bienvenue","category-news","category-news-privee","category-stages"],"_links":{"self":[{"href":"https:\/\/akdn.fr\/index.php\/wp-json\/wp\/v2\/posts\/7394","targetHints":{"allow":["GET"]}}],"collection":[{"href":"https:\/\/akdn.fr\/index.php\/wp-json\/wp\/v2\/posts"}],"about":[{"href":"https:\/\/akdn.fr\/index.php\/wp-json\/wp\/v2\/types\/post"}],"author":[{"embeddable":true,"href":"https:\/\/akdn.fr\/index.php\/wp-json\/wp\/v2\/users\/1"}],"replies":[{"embeddable":true,"href":"https:\/\/akdn.fr\/index.php\/wp-json\/wp\/v2\/comments?post=7394"}],"version-history":[{"count":0,"href":"https:\/\/akdn.fr\/index.php\/wp-json\/wp\/v2\/posts\/7394\/revisions"}],"wp:attachment":[{"href":"https:\/\/akdn.fr\/index.php\/wp-json\/wp\/v2\/media?parent=7394"}],"wp:term":[{"taxonomy":"category","embeddable":true,"href":"https:\/\/akdn.fr\/index.php\/wp-json\/wp\/v2\/categories?post=7394"},{"taxonomy":"post_tag","embeddable":true,"href":"https:\/\/akdn.fr\/index.php\/wp-json\/wp\/v2\/tags?post=7394"}],"curies":[{"name":"wp","href":"https:\/\/api.w.org\/{rel}","templated":true}]}}