{"id":7375,"date":"2021-05-18T23:18:40","date_gmt":"2021-05-18T21:18:40","guid":{"rendered":"http:\/\/www.akdn.fr\/?p=7375"},"modified":"2021-05-18T23:18:40","modified_gmt":"2021-05-18T21:18:40","slug":"reprises-apres-confinement","status":"publish","type":"post","link":"https:\/\/akdn.fr\/index.php\/2021\/05\/18\/reprises-apres-confinement\/","title":{"rendered":"Reprises apr\u00e8s confinement JUIN 2021"},"content":{"rendered":"<p>Chers (es) adh\u00e9rents (es),<\/p>\n<p>&nbsp;<\/p>\n<p>La crise sanitaire nous a tenue \u00e9loign\u00e9s depuis de nombreux mois, de notre lieu d&rsquo;entra\u00eenement !!<\/p>\n<p>Les membres du bureau sont rest\u00e9s silencieux, suite aux diff\u00e9rents communiqu\u00e9s du Gouvernement qui ne nous permettaient pas d&rsquo;avoir une vision claire de reprise de nos activit\u00e9s.<\/p>\n<p>La r\u00e9ouverture progressive des diff\u00e9rents lieux sportifs nous laisse\u00a0entrevoir, une fin d&rsquo;ann\u00e9e scolaire sous le signe de la pratique.<\/p>\n<p>Pour notre part, elle aura lieu le 7 Juin prochain pour les ados et aux adultes le 09, aux horaires habituels, le couvre feu \u00e9tant d\u00e9cal\u00e9 \u00e0 23h00.<\/p>\n<p>L&rsquo;Espace Douillet restera ouvert jusqu&rsquo;au 13 Juillet. Notre dernier cours sera donc assur\u00e9 le lundi 12 Juillet.<\/p>\n<p>&nbsp;<\/p>\n<p>Malheureusement, en ce qui concerne les cours pour les enfants (5\/6 ans et 7\/9 ans) et les s\u00e9niors (+ 60 ans), l&rsquo;acc\u00e8s \u00e0 l&rsquo;Espace Simone Veil n&rsquo;est pas envisageable. En effet, les salles sont r\u00e9serv\u00e9es, par la Mairie, \u00e0\u00a0un centre de vaccination, jusqu&rsquo;\u00e0 la rentr\u00e9e scolaire 2021-2022.<\/p>\n<p>Nous sommes d\u00e9sol\u00e9es de ce d\u00e9sagr\u00e9ment et tentons aupr\u00e8s de la Mairie, avec beaucoup de r\u00e9serve, de trouver d&rsquo;autres lieux o\u00f9 accueillir les pratiquants d\u00e9sign\u00e9s pr\u00e9c\u00e9demment.<\/p>\n<p>Nous sommes en train de r\u00e9fl\u00e9chir aux conditions d&rsquo;inscription pour la saison prochaine et allons bient\u00f4t communiquer\u00a0 nos conclusions.<\/p>\n<p>Nous comptons sur votre pr\u00e9sence, afin de retrouver une dynamique au sein des pratiquants et de montrer \u00e0 la Municipalit\u00e9 notre volont\u00e9 de reprendre notre discipline, par notre assiduit\u00e9.<\/p>\n<p>Vos professeurs sont plus que jamais motiv\u00e9s et impatients de vous retrouver, n&rsquo;ayant jamais totalement cess\u00e9 l&rsquo;entra\u00eenement.<\/p>\n<p>&nbsp;<\/p>\n<p>Le bureau<\/p>\n<p>&nbsp;<\/p>\n<p>&nbsp;<\/p>\n<p>&nbsp;<\/p>\n<p>&nbsp;<\/p>\n","protected":false},"excerpt":{"rendered":"<p>Chers (es) adh\u00e9rents (es), &nbsp; La crise sanitaire nous a tenue \u00e9loign\u00e9s depuis de nombreux mois, de notre lieu d&rsquo;entra\u00eenement !! Les membres du bureau sont rest\u00e9s silencieux, suite aux diff\u00e9rents communiqu\u00e9s du Gouvernement qui ne nous permettaient pas d&rsquo;avoir une vision claire de reprise de nos activit\u00e9s. La r\u00e9ouverture progressive des diff\u00e9rents lieux sportifs &#8230; <a title=\"Reprises apr\u00e8s confinement JUIN 2021\" class=\"read-more\" href=\"https:\/\/akdn.fr\/index.php\/2021\/05\/18\/reprises-apres-confinement\/\" aria-label=\"En savoir plus sur Reprises apr\u00e8s confinement JUIN 2021\">Lire la suite<\/a><\/p>\n","protected":false},"author":1,"featured_media":0,"comment_status":"open","ping_status":"open","sticky":false,"template":"","format":"standard","meta":{"footnotes":""},"categories":[8,44,45,48],"tags":[],"class_list":["post-7375","post","type-post","status-publish","format-standard","hentry","category-bienvenue","category-news","category-news-privee","category-non-classe"],"_links":{"self":[{"href":"https:\/\/akdn.fr\/index.php\/wp-json\/wp\/v2\/posts\/7375","targetHints":{"allow":["GET"]}}],"collection":[{"href":"https:\/\/akdn.fr\/index.php\/wp-json\/wp\/v2\/posts"}],"about":[{"href":"https:\/\/akdn.fr\/index.php\/wp-json\/wp\/v2\/types\/post"}],"author":[{"embeddable":true,"href":"https:\/\/akdn.fr\/index.php\/wp-json\/wp\/v2\/users\/1"}],"replies":[{"embeddable":true,"href":"https:\/\/akdn.fr\/index.php\/wp-json\/wp\/v2\/comments?post=7375"}],"version-history":[{"count":0,"href":"https:\/\/akdn.fr\/index.php\/wp-json\/wp\/v2\/posts\/7375\/revisions"}],"wp:attachment":[{"href":"https:\/\/akdn.fr\/index.php\/wp-json\/wp\/v2\/media?parent=7375"}],"wp:term":[{"taxonomy":"category","embeddable":true,"href":"https:\/\/akdn.fr\/index.php\/wp-json\/wp\/v2\/categories?post=7375"},{"taxonomy":"post_tag","embeddable":true,"href":"https:\/\/akdn.fr\/index.php\/wp-json\/wp\/v2\/tags?post=7375"}],"curies":[{"name":"wp","href":"https:\/\/api.w.org\/{rel}","templated":true}]}}