{"id":6483,"date":"2018-09-29T23:56:05","date_gmt":"2018-09-29T21:56:05","guid":{"rendered":"http:\/\/www.akdn.fr\/?p=6483"},"modified":"2018-09-29T23:56:05","modified_gmt":"2018-09-29T21:56:05","slug":"samedi-29-sept-2018-intiations-jeunes-sante-vous-sport-a-la-villette","status":"publish","type":"post","link":"https:\/\/akdn.fr\/index.php\/2018\/09\/29\/samedi-29-sept-2018-intiations-jeunes-sante-vous-sport-a-la-villette\/","title":{"rendered":"samedi 29 sept 2018 intiations jeunes &quot;sant\u00e9 vous sport&quot; \u00e0 la Villette"},"content":{"rendered":"<p>e samedi, orgnis\u00e9 par le CROSIF Ile de France \u00e0 la Villette (au pied de la g\u00e9aode), 3 jeunes de l&rsquo; AKDN sont venu assur\u00e9 une initiation A\u00efkido.<\/p>\n<p>Joseph, Etane et Lucie ont tenu une initiation de 50 minutes entre les d\u00e9monstrations qui se sont enchain\u00e9\u00e9es sur un train d&rsquo;enfer entre 12 h et 19 h. Ils ont \u00e9t\u00e9 f\u00e9licit\u00e9s par Christian Tissier Shihan en personne&#8230;<\/p>\n\n","protected":false},"excerpt":{"rendered":"<p>e samedi, orgnis\u00e9 par le CROSIF Ile de France \u00e0 la Villette (au pied de la g\u00e9aode), 3 jeunes de l&rsquo; AKDN sont venu assur\u00e9 une initiation A\u00efkido. Joseph, Etane et Lucie ont tenu une initiation de 50 minutes entre les d\u00e9monstrations qui se sont enchain\u00e9\u00e9es sur un train d&rsquo;enfer entre 12 h et 19 &#8230; <a title=\"samedi 29 sept 2018 intiations jeunes &quot;sant\u00e9 vous sport&quot; \u00e0 la Villette\" class=\"read-more\" href=\"https:\/\/akdn.fr\/index.php\/2018\/09\/29\/samedi-29-sept-2018-intiations-jeunes-sante-vous-sport-a-la-villette\/\" aria-label=\"En savoir plus sur samedi 29 sept 2018 intiations jeunes &quot;sant\u00e9 vous sport&quot; \u00e0 la Villette\">Lire la suite<\/a><\/p>\n","protected":false},"author":1,"featured_media":0,"comment_status":"open","ping_status":"open","sticky":false,"template":"","format":"standard","meta":{"footnotes":""},"categories":[3,27],"tags":[],"class_list":["post-6483","post","type-post","status-publish","format-standard","hentry","category-ados-activite","category-evenementiels-et-demonstrations"],"_links":{"self":[{"href":"https:\/\/akdn.fr\/index.php\/wp-json\/wp\/v2\/posts\/6483","targetHints":{"allow":["GET"]}}],"collection":[{"href":"https:\/\/akdn.fr\/index.php\/wp-json\/wp\/v2\/posts"}],"about":[{"href":"https:\/\/akdn.fr\/index.php\/wp-json\/wp\/v2\/types\/post"}],"author":[{"embeddable":true,"href":"https:\/\/akdn.fr\/index.php\/wp-json\/wp\/v2\/users\/1"}],"replies":[{"embeddable":true,"href":"https:\/\/akdn.fr\/index.php\/wp-json\/wp\/v2\/comments?post=6483"}],"version-history":[{"count":0,"href":"https:\/\/akdn.fr\/index.php\/wp-json\/wp\/v2\/posts\/6483\/revisions"}],"wp:attachment":[{"href":"https:\/\/akdn.fr\/index.php\/wp-json\/wp\/v2\/media?parent=6483"}],"wp:term":[{"taxonomy":"category","embeddable":true,"href":"https:\/\/akdn.fr\/index.php\/wp-json\/wp\/v2\/categories?post=6483"},{"taxonomy":"post_tag","embeddable":true,"href":"https:\/\/akdn.fr\/index.php\/wp-json\/wp\/v2\/tags?post=6483"}],"curies":[{"name":"wp","href":"https:\/\/api.w.org\/{rel}","templated":true}]}}