{"id":6447,"date":"2018-09-10T12:15:01","date_gmt":"2018-09-10T10:15:01","guid":{"rendered":"http:\/\/www.akdn.fr\/?p=6447"},"modified":"2018-09-10T12:15:01","modified_gmt":"2018-09-10T10:15:01","slug":"demonstration-de-rentree-du-09-septembre-village-des-associations","status":"publish","type":"post","link":"https:\/\/akdn.fr\/index.php\/2018\/09\/10\/demonstration-de-rentree-du-09-septembre-village-des-associations\/","title":{"rendered":"d\u00e9monstration de rentr\u00e9e du 09 septembre, Village des associations"},"content":{"rendered":"<p>Mercredi 5 et Jeudi 6, les anciens auront r\u00e9p\u00e9t\u00e9 la d\u00e9monstration de ce dimanche qui s&rsquo;est d\u00e9roul\u00e9 au Baltard.<\/p>\n<p>Selon Mr le Maire, 3000 visiteurs auront d\u00e9ambul\u00e9 autours des stands et pu regarder les diverses d\u00e9monstrations. Pour notre discipline, nous avons assur\u00e9 une initiation \u00e0 14h et la d\u00e9monstration a \u00e9t\u00e9 assur\u00e9e \u00e0 16h.<\/p>\n<p>Une tr\u00e9s belle journ\u00e9e qui a su resserrer nos liens dans le plaisir du partage artistique et sportif. Reprise officielle de la saison, ce jour, 10 septembre&#8230;. A bientot<\/p>\n<figure id=\"attachment_6448\" aria-describedby=\"caption-attachment-6448\" style=\"width: 140px\" class=\"wp-caption aligncenter\"><a href=\"http:\/\/192.168.1.29\/wp-content\/uploads\/2018\/09\/DSC_0775.jpg\"><img loading=\"lazy\" decoding=\"async\" class=\"size-thumbnail wp-image-6448\" title=\"l'\u00e9quipe des d\u00e9monstrateurs devant notre stand AKDN\" src=\"http:\/\/192.168.1.29\/wp-content\/uploads\/2018\/09\/DSC_0775-150x150.jpg\" alt=\"\" width=\"150\" height=\"150\" \/><\/p>\n<div class=\"mceTemp mceIEcenter\">\n<dl id=\"attachment_6449\" class=\"wp-caption aligncenter\" style=\"width: 160px;\">\n<dt class=\"wp-caption-dt\"><a href=\"http:\/\/192.168.1.29\/wp-content\/uploads\/2018\/09\/DSC_0764.jpg\"><img loading=\"lazy\" decoding=\"async\" class=\"size-thumbnail wp-image-6449\" title=\"juste apr\u00e9s &quot;l'exploit&quot;\" src=\"http:\/\/192.168.1.29\/wp-content\/uploads\/2018\/09\/DSC_0764-150x150.jpg\" alt=\"\" width=\"150\" height=\"150\" \/><\/a><figcaption id=\"caption-attachment-6448\" class=\"wp-caption-text\">juste apr\u00e9s &quot;l&#39;exploit&quot;<\/figcaption><\/figure>\n<figure id=\"attachment_6450\" aria-describedby=\"caption-attachment-6450\" style=\"width: 140px\" class=\"wp-caption aligncenter\"><a href=\"http:\/\/192.168.1.29\/wp-content\/uploads\/2018\/09\/DSC_0596.jpg\"><img loading=\"lazy\" decoding=\"async\" class=\"size-thumbnail wp-image-6450\" title=\"travail collectif simultan\u00e9\" src=\"http:\/\/192.168.1.29\/wp-content\/uploads\/2018\/09\/DSC_0596-150x150.jpg\" alt=\"\" width=\"150\" height=\"150\" \/><\/a><figcaption id=\"caption-attachment-6450\" class=\"wp-caption-text\">travail collectif simultan\u00e9<\/figcaption><\/figure>\n<figure id=\"attachment_6451\" aria-describedby=\"caption-attachment-6451\" style=\"width: 140px\" class=\"wp-caption aligncenter\"><a href=\"http:\/\/192.168.1.29\/wp-content\/uploads\/2018\/09\/DSC_0457.jpg\"><img loading=\"lazy\" decoding=\"async\" class=\"size-thumbnail wp-image-6451\" title=\"atelier d\u00e9couverte initiation\" src=\"http:\/\/192.168.1.29\/wp-content\/uploads\/2018\/09\/DSC_0457-150x150.jpg\" alt=\"\" width=\"150\" height=\"150\" \/><\/a><figcaption id=\"caption-attachment-6451\" class=\"wp-caption-text\">atelier d\u00e9couverte initiation<\/figcaption><\/figure>\n<figure id=\"attachment_6452\" aria-describedby=\"caption-attachment-6452\" style=\"width: 140px\" class=\"wp-caption aligncenter\"><a href=\"http:\/\/192.168.1.29\/wp-content\/uploads\/2018\/09\/DSC_0563.jpg\"><img loading=\"lazy\" decoding=\"async\" class=\"size-thumbnail wp-image-6452\" title=\"inovation: d'authentiques Ninjas \u00e9taient venu nous assaillir\" src=\"http:\/\/192.168.1.29\/wp-content\/uploads\/2018\/09\/DSC_0563-150x150.jpg\" alt=\"\" width=\"150\" height=\"150\" \/><\/a><figcaption id=\"caption-attachment-6452\" class=\"wp-caption-text\">innovation: d&#39;authentiques Ninjas \u00e9taient venu nous assaillir<\/figcaption><\/figure>\n<p><\/a><\/dt>\n<dd class=\"wp-caption-dd\">l&rsquo;\u00e9quipe des d\u00e9monstrateurs devant notre stand AKDN<\/dd>\n<\/dl>\n<\/div>\n","protected":false},"excerpt":{"rendered":"<p>Mercredi 5 et Jeudi 6, les anciens auront r\u00e9p\u00e9t\u00e9 la d\u00e9monstration de ce dimanche qui s&rsquo;est d\u00e9roul\u00e9 au Baltard. Selon Mr le Maire, 3000 visiteurs auront d\u00e9ambul\u00e9 autours des stands et pu regarder les diverses d\u00e9monstrations. Pour notre discipline, nous avons assur\u00e9 une initiation \u00e0 14h et la d\u00e9monstration a \u00e9t\u00e9 assur\u00e9e \u00e0 16h. Une &#8230; <a title=\"d\u00e9monstration de rentr\u00e9e du 09 septembre, Village des associations\" class=\"read-more\" href=\"https:\/\/akdn.fr\/index.php\/2018\/09\/10\/demonstration-de-rentree-du-09-septembre-village-des-associations\/\" aria-label=\"En savoir plus sur d\u00e9monstration de rentr\u00e9e du 09 septembre, Village des associations\">Lire la suite<\/a><\/p>\n","protected":false},"author":1,"featured_media":0,"comment_status":"open","ping_status":"open","sticky":false,"template":"","format":"standard","meta":{"footnotes":""},"categories":[27],"tags":[],"class_list":["post-6447","post","type-post","status-publish","format-standard","hentry","category-evenementiels-et-demonstrations"],"_links":{"self":[{"href":"https:\/\/akdn.fr\/index.php\/wp-json\/wp\/v2\/posts\/6447","targetHints":{"allow":["GET"]}}],"collection":[{"href":"https:\/\/akdn.fr\/index.php\/wp-json\/wp\/v2\/posts"}],"about":[{"href":"https:\/\/akdn.fr\/index.php\/wp-json\/wp\/v2\/types\/post"}],"author":[{"embeddable":true,"href":"https:\/\/akdn.fr\/index.php\/wp-json\/wp\/v2\/users\/1"}],"replies":[{"embeddable":true,"href":"https:\/\/akdn.fr\/index.php\/wp-json\/wp\/v2\/comments?post=6447"}],"version-history":[{"count":0,"href":"https:\/\/akdn.fr\/index.php\/wp-json\/wp\/v2\/posts\/6447\/revisions"}],"wp:attachment":[{"href":"https:\/\/akdn.fr\/index.php\/wp-json\/wp\/v2\/media?parent=6447"}],"wp:term":[{"taxonomy":"category","embeddable":true,"href":"https:\/\/akdn.fr\/index.php\/wp-json\/wp\/v2\/categories?post=6447"},{"taxonomy":"post_tag","embeddable":true,"href":"https:\/\/akdn.fr\/index.php\/wp-json\/wp\/v2\/tags?post=6447"}],"curies":[{"name":"wp","href":"https:\/\/api.w.org\/{rel}","templated":true}]}}