{"id":5895,"date":"2017-01-26T19:17:42","date_gmt":"2017-01-26T17:17:42","guid":{"rendered":"http:\/\/www.akdn.fr\/?p=5895"},"modified":"2017-01-26T19:17:42","modified_gmt":"2017-01-26T17:17:42","slug":"samedi-280117-assemblee-generale-et-fete-de-l-association","status":"publish","type":"post","link":"https:\/\/akdn.fr\/index.php\/2017\/01\/26\/samedi-280117-assemblee-generale-et-fete-de-l-association\/","title":{"rendered":"Samedi 28\/01\/17 Assembl\u00e9e g\u00e9n\u00e9rale et f\u00eate de l&#039; Association"},"content":{"rendered":"<p>Ce samedi, 19h30, salle E. zola,A eu lieu notre assembl\u00e9e g\u00e9n\u00e9rale annuelle.<\/p>\n<p>Arnaud \u00e9lu \u00e0 l&rsquo;unanimit\u00e9, a rejoint le bureau de l&rsquo; association .<br \/>\nS&rsquo;en est suivi notre f\u00eate. Nous avons commenc\u00e9 par un spectacle \u00e9blouissant de marionnettes de la compagnie professionnelle AMAC men\u00e9e par Jean Jacques Fialon. Des r\u00e9compenses ont remises aux nouveaux Hakama de l&rsquo;ann\u00e9e (pr\u00e9sentes ce soir l\u00e0: TESS et LISA). Ensuite, les badboys ont pr\u00e9sent\u00e9 un spectacle de \u00ab\u00a0carryme\u00a0\u00bb (Arnaud, MArc, Manu, Nicolas). Halan &amp; Alex ont mim\u00e9s la chanson d&rsquo; Il \u00e9tait une fois \u00ab\u00a0j&rsquo;ai encore r\u00eav\u00e9 d&rsquo;elle\u00a0\u00bb, enfin nous avons eu la visite d&rsquo; Elvis&#8230; ah le fameux Elvis&#8230; en la pr\u00e9sence de Pascal.<\/p>\n<p>voir le r\u00e9sum\u00e9 en photos<\/p>\n<p><a title=\"notre AG du 28 janvier\" href=\"https:\/\/www.dropbox.com\/sc\/gzzqfjgoh2x5o8h\/AAC-zWTGffonXE-x2iTlzTwda\">https:\/\/www.dropbox.com\/sc\/gzzqfjgoh2x5o8h\/AAC-zWTGffonXE-x2iTlzTwda<\/a><\/p>\n","protected":false},"excerpt":{"rendered":"<p>Ce samedi, 19h30, salle E. zola,A eu lieu notre assembl\u00e9e g\u00e9n\u00e9rale annuelle. Arnaud \u00e9lu \u00e0 l&rsquo;unanimit\u00e9, a rejoint le bureau de l&rsquo; association . S&rsquo;en est suivi notre f\u00eate. Nous avons commenc\u00e9 par un spectacle \u00e9blouissant de marionnettes de la compagnie professionnelle AMAC men\u00e9e par Jean Jacques Fialon. Des r\u00e9compenses ont remises aux nouveaux Hakama &#8230; <a title=\"Samedi 28\/01\/17 Assembl\u00e9e g\u00e9n\u00e9rale et f\u00eate de l&#039; Association\" class=\"read-more\" href=\"https:\/\/akdn.fr\/index.php\/2017\/01\/26\/samedi-280117-assemblee-generale-et-fete-de-l-association\/\" aria-label=\"En savoir plus sur Samedi 28\/01\/17 Assembl\u00e9e g\u00e9n\u00e9rale et f\u00eate de l&#039; Association\">Lire la suite<\/a><\/p>\n","protected":false},"author":1,"featured_media":0,"comment_status":"open","ping_status":"open","sticky":false,"template":"","format":"standard","meta":{"footnotes":""},"categories":[6],"tags":[],"class_list":["post-5895","post","type-post","status-publish","format-standard","hentry","category-assemblee"],"_links":{"self":[{"href":"https:\/\/akdn.fr\/index.php\/wp-json\/wp\/v2\/posts\/5895","targetHints":{"allow":["GET"]}}],"collection":[{"href":"https:\/\/akdn.fr\/index.php\/wp-json\/wp\/v2\/posts"}],"about":[{"href":"https:\/\/akdn.fr\/index.php\/wp-json\/wp\/v2\/types\/post"}],"author":[{"embeddable":true,"href":"https:\/\/akdn.fr\/index.php\/wp-json\/wp\/v2\/users\/1"}],"replies":[{"embeddable":true,"href":"https:\/\/akdn.fr\/index.php\/wp-json\/wp\/v2\/comments?post=5895"}],"version-history":[{"count":0,"href":"https:\/\/akdn.fr\/index.php\/wp-json\/wp\/v2\/posts\/5895\/revisions"}],"wp:attachment":[{"href":"https:\/\/akdn.fr\/index.php\/wp-json\/wp\/v2\/media?parent=5895"}],"wp:term":[{"taxonomy":"category","embeddable":true,"href":"https:\/\/akdn.fr\/index.php\/wp-json\/wp\/v2\/categories?post=5895"},{"taxonomy":"post_tag","embeddable":true,"href":"https:\/\/akdn.fr\/index.php\/wp-json\/wp\/v2\/tags?post=5895"}],"curies":[{"name":"wp","href":"https:\/\/api.w.org\/{rel}","templated":true}]}}