{"id":5859,"date":"2017-01-07T19:41:58","date_gmt":"2017-01-07T17:41:58","guid":{"rendered":"http:\/\/www.akdn.fr\/?p=5859"},"modified":"2017-01-07T19:41:58","modified_gmt":"2017-01-07T17:41:58","slug":"disparition-de-pascal-norbelly-un-enseignant-hors-pairs","status":"publish","type":"post","link":"https:\/\/akdn.fr\/index.php\/2017\/01\/07\/disparition-de-pascal-norbelly-un-enseignant-hors-pairs\/","title":{"rendered":"disparition de Pascal NORBELLY, un enseignant hors pairs"},"content":{"rendered":"<p>Aujourd&rsquo;hui ce samedi 07\/01\/17 en plein stage, j&rsquo;ai appris le d\u00e9\u00e7\u00e8s de Pascal NORBELLY, 6e dan, membre du coll\u00e8ge technique FFAAA, professeur \u00e0 Bonneuil sur marne, un club voisin et ami o\u00f9 Marc allait r\u00e9guli\u00e8rement s&rsquo;entra\u00eener.<\/p>\n<p>Pascal faisait partie des premi\u00e8res g\u00e9n\u00e9rations d Utchi Deshi de Christian TISSIER Shihan et je le c\u00f4toyais \u00e0 Vincennes depuis 1985, autant dire depuis tr\u00e9s longtemps. Ensembles nous \u00e9tions jurys d&rsquo;examen des prof d&rsquo; A\u00efkido BF et CQP . Il dirigeait de nombreux stages en France et \u00e0 l&rsquo;\u00e9tranger, et \u00e9tait charg\u00e9 entre autres des dossiers \u00ab\u00a0haut grades\u00a0\u00bb. Derni\u00e8rement, il avait \u00e9t\u00e9 \u00e0 l&rsquo;origine d&rsquo;un WE autours de l&rsquo; A\u00efkido-handicap.<\/p>\n<p>Depuis plusieurs ann\u00e9es, je renouvelais son invitation \u00e0 l&rsquo; AKDN pour nous donner un stage, mais il m imposait sa r\u00e8gle: \u00ab\u00a0OK, \u00e0 condition alors que tu viennes me remplacer \u00e0 Bonneuil\u00a0\u00bb. Et, j&rsquo;avoue,\u00a0 je n&rsquo;osais prendre la place d&rsquo;une telle \u00ab\u00a0pointure p\u00e9dagogique\u00a0\u00bb. Je regrette qu&rsquo;il n&rsquo;ait pas foul\u00e9 les tatamis Nogentais, mais je regrette avant tout sa disparition. Je garderai le souvenir d&rsquo;un visionnaire de l&rsquo; A\u00efkido, d&rsquo;une belle personne humaine, toujours disponible, et ce sourire qu&rsquo;il avait grav\u00e9 sur son visage quoiqu&rsquo;il arrive.<\/p>\n<p>Nous perdons un grand professeur d&rsquo; A\u00efkido.<\/p>\n<p>Patrick<\/p>\n","protected":false},"excerpt":{"rendered":"<p>Aujourd&rsquo;hui ce samedi 07\/01\/17 en plein stage, j&rsquo;ai appris le d\u00e9\u00e7\u00e8s de Pascal NORBELLY, 6e dan, membre du coll\u00e8ge technique FFAAA, professeur \u00e0 Bonneuil sur marne, un club voisin et ami o\u00f9 Marc allait r\u00e9guli\u00e8rement s&rsquo;entra\u00eener. Pascal faisait partie des premi\u00e8res g\u00e9n\u00e9rations d Utchi Deshi de Christian TISSIER Shihan et je le c\u00f4toyais \u00e0 Vincennes &#8230; <a title=\"disparition de Pascal NORBELLY, un enseignant hors pairs\" class=\"read-more\" href=\"https:\/\/akdn.fr\/index.php\/2017\/01\/07\/disparition-de-pascal-norbelly-un-enseignant-hors-pairs\/\" aria-label=\"En savoir plus sur disparition de Pascal NORBELLY, un enseignant hors pairs\">Lire la suite<\/a><\/p>\n","protected":false},"author":1,"featured_media":0,"comment_status":"open","ping_status":"open","sticky":false,"template":"","format":"standard","meta":{"footnotes":""},"categories":[48],"tags":[],"class_list":["post-5859","post","type-post","status-publish","format-standard","hentry","category-non-classe"],"_links":{"self":[{"href":"https:\/\/akdn.fr\/index.php\/wp-json\/wp\/v2\/posts\/5859","targetHints":{"allow":["GET"]}}],"collection":[{"href":"https:\/\/akdn.fr\/index.php\/wp-json\/wp\/v2\/posts"}],"about":[{"href":"https:\/\/akdn.fr\/index.php\/wp-json\/wp\/v2\/types\/post"}],"author":[{"embeddable":true,"href":"https:\/\/akdn.fr\/index.php\/wp-json\/wp\/v2\/users\/1"}],"replies":[{"embeddable":true,"href":"https:\/\/akdn.fr\/index.php\/wp-json\/wp\/v2\/comments?post=5859"}],"version-history":[{"count":0,"href":"https:\/\/akdn.fr\/index.php\/wp-json\/wp\/v2\/posts\/5859\/revisions"}],"wp:attachment":[{"href":"https:\/\/akdn.fr\/index.php\/wp-json\/wp\/v2\/media?parent=5859"}],"wp:term":[{"taxonomy":"category","embeddable":true,"href":"https:\/\/akdn.fr\/index.php\/wp-json\/wp\/v2\/categories?post=5859"},{"taxonomy":"post_tag","embeddable":true,"href":"https:\/\/akdn.fr\/index.php\/wp-json\/wp\/v2\/tags?post=5859"}],"curies":[{"name":"wp","href":"https:\/\/api.w.org\/{rel}","templated":true}]}}