{"id":5845,"date":"2016-12-18T10:36:18","date_gmt":"2016-12-18T08:36:18","guid":{"rendered":"http:\/\/www.akdn.fr\/?p=5845"},"modified":"2016-12-18T10:36:18","modified_gmt":"2016-12-18T08:36:18","slug":"asseblee-generale-et-fete-de-l-akdn-du-280117","status":"publish","type":"post","link":"https:\/\/akdn.fr\/index.php\/2016\/12\/18\/asseblee-generale-et-fete-de-l-akdn-du-280117\/","title":{"rendered":"Assembl\u00e9e g\u00e9n\u00e9rale et f\u00eate de l&#039; AKDN du 28\/01\/17"},"content":{"rendered":"<p>Bonjour<\/p>\n<p>Nous vous rappelons que notre Assembl\u00e9e G\u00e9n\u00e9rale aura lieu le<strong> samedi 28\/01\/16 salle Emile zola <\/strong>(th\u00e9atre bd de strasbourg).<\/p>\n<p>Elle se fera \u00e0<strong> 19h30 <\/strong>pour le bilan de l ann\u00e9e 2016 et l\u2019\u00e9lection du nouveau bureau directeur. Notre f\u00eate annuelle aura lieu \u00e0 la suite.<\/p>\n<p>Nous vous rappelons que notre tradition de d\u00e9guisement se poursuit. Cette ann\u00e9e votre d\u00e9guisement devra commencer par la lettre \u00ab\u00a0E\u00a0\u00bb faisant suite \u00e0 l&rsquo;an dernier (D)<\/p>\n<p>Pour rappel, dernier entrainement: ce<strong> lundi 19 d\u00e9cembre<\/strong> aux horaires habituels,\u00a0 Notre prochain \u00e9v\u00e8nementiel sera notre WE A\u00efkido\/Ski \u00e0 Valloire le WE pr\u00e9c\u00e9dent.<\/p>\n<p>En attendant, bonnes f\u00eates \u00e0 tous !!!<\/p>\n<p>&nbsp;<\/p>\n","protected":false},"excerpt":{"rendered":"<p>Bonjour Nous vous rappelons que notre Assembl\u00e9e G\u00e9n\u00e9rale aura lieu le samedi 28\/01\/16 salle Emile zola (th\u00e9atre bd de strasbourg). Elle se fera \u00e0 19h30 pour le bilan de l ann\u00e9e 2016 et l\u2019\u00e9lection du nouveau bureau directeur. Notre f\u00eate annuelle aura lieu \u00e0 la suite. Nous vous rappelons que notre tradition de d\u00e9guisement se &#8230; <a title=\"Assembl\u00e9e g\u00e9n\u00e9rale et f\u00eate de l&#039; AKDN du 28\/01\/17\" class=\"read-more\" href=\"https:\/\/akdn.fr\/index.php\/2016\/12\/18\/asseblee-generale-et-fete-de-l-akdn-du-280117\/\" aria-label=\"En savoir plus sur Assembl\u00e9e g\u00e9n\u00e9rale et f\u00eate de l&#039; AKDN du 28\/01\/17\">Lire la suite<\/a><\/p>\n","protected":false},"author":1,"featured_media":0,"comment_status":"open","ping_status":"open","sticky":false,"template":"","format":"standard","meta":{"footnotes":""},"categories":[6,27],"tags":[],"class_list":["post-5845","post","type-post","status-publish","format-standard","hentry","category-assemblee","category-evenementiels-et-demonstrations"],"_links":{"self":[{"href":"https:\/\/akdn.fr\/index.php\/wp-json\/wp\/v2\/posts\/5845","targetHints":{"allow":["GET"]}}],"collection":[{"href":"https:\/\/akdn.fr\/index.php\/wp-json\/wp\/v2\/posts"}],"about":[{"href":"https:\/\/akdn.fr\/index.php\/wp-json\/wp\/v2\/types\/post"}],"author":[{"embeddable":true,"href":"https:\/\/akdn.fr\/index.php\/wp-json\/wp\/v2\/users\/1"}],"replies":[{"embeddable":true,"href":"https:\/\/akdn.fr\/index.php\/wp-json\/wp\/v2\/comments?post=5845"}],"version-history":[{"count":0,"href":"https:\/\/akdn.fr\/index.php\/wp-json\/wp\/v2\/posts\/5845\/revisions"}],"wp:attachment":[{"href":"https:\/\/akdn.fr\/index.php\/wp-json\/wp\/v2\/media?parent=5845"}],"wp:term":[{"taxonomy":"category","embeddable":true,"href":"https:\/\/akdn.fr\/index.php\/wp-json\/wp\/v2\/categories?post=5845"},{"taxonomy":"post_tag","embeddable":true,"href":"https:\/\/akdn.fr\/index.php\/wp-json\/wp\/v2\/tags?post=5845"}],"curies":[{"name":"wp","href":"https:\/\/api.w.org\/{rel}","templated":true}]}}