{"id":5431,"date":"2016-02-19T11:02:50","date_gmt":"2016-02-19T09:02:50","guid":{"rendered":"http:\/\/www.akdn.fr\/?p=5431"},"modified":"2016-02-19T11:02:50","modified_gmt":"2016-02-19T09:02:50","slug":"important-concernant-les-vacances-de-fevrier","status":"publish","type":"post","link":"https:\/\/akdn.fr\/index.php\/2016\/02\/19\/important-concernant-les-vacances-de-fevrier\/","title":{"rendered":"IMPORTANT : concernant les vacances de F\u00e9vrier"},"content":{"rendered":"<p>Bonjour.<\/p>\n<p>durant les vacances de f\u00e9vrier, interruption des cours s\u00e9niors, enfants et ados. Les entrainements persisteront la premi\u00e8re semaine seulement Lundi , Mercredi et Jeudi au gymnase douillet.<\/p>\n<p>Toutefois, selon la mairie, Ce <span style=\"color: #ff0000;\"><strong>Lundi le dojo ne nous sera ouvert qu \u00e0 partir de 19h30<\/strong><\/span> et non 18h comme habituellement.Dojo ferm\u00e9 la seconde semaine&#8230;<\/p>\n<p>Bon Weekend \u00e0 tous<\/p>\n","protected":false},"excerpt":{"rendered":"<p>Bonjour. durant les vacances de f\u00e9vrier, interruption des cours s\u00e9niors, enfants et ados. Les entrainements persisteront la premi\u00e8re semaine seulement Lundi , Mercredi et Jeudi au gymnase douillet. Toutefois, selon la mairie, Ce Lundi le dojo ne nous sera ouvert qu \u00e0 partir de 19h30 et non 18h comme habituellement.Dojo ferm\u00e9 la seconde semaine&#8230; Bon &#8230; <a title=\"IMPORTANT : concernant les vacances de F\u00e9vrier\" class=\"read-more\" href=\"https:\/\/akdn.fr\/index.php\/2016\/02\/19\/important-concernant-les-vacances-de-fevrier\/\" aria-label=\"En savoir plus sur IMPORTANT : concernant les vacances de F\u00e9vrier\">Lire la suite<\/a><\/p>\n","protected":false},"author":1,"featured_media":0,"comment_status":"open","ping_status":"open","sticky":false,"template":"","format":"standard","meta":{"footnotes":""},"categories":[8,10,11],"tags":[],"class_list":["post-5431","post","type-post","status-publish","format-standard","hentry","category-bienvenue","category-cours","category-cours-ado"],"_links":{"self":[{"href":"https:\/\/akdn.fr\/index.php\/wp-json\/wp\/v2\/posts\/5431","targetHints":{"allow":["GET"]}}],"collection":[{"href":"https:\/\/akdn.fr\/index.php\/wp-json\/wp\/v2\/posts"}],"about":[{"href":"https:\/\/akdn.fr\/index.php\/wp-json\/wp\/v2\/types\/post"}],"author":[{"embeddable":true,"href":"https:\/\/akdn.fr\/index.php\/wp-json\/wp\/v2\/users\/1"}],"replies":[{"embeddable":true,"href":"https:\/\/akdn.fr\/index.php\/wp-json\/wp\/v2\/comments?post=5431"}],"version-history":[{"count":0,"href":"https:\/\/akdn.fr\/index.php\/wp-json\/wp\/v2\/posts\/5431\/revisions"}],"wp:attachment":[{"href":"https:\/\/akdn.fr\/index.php\/wp-json\/wp\/v2\/media?parent=5431"}],"wp:term":[{"taxonomy":"category","embeddable":true,"href":"https:\/\/akdn.fr\/index.php\/wp-json\/wp\/v2\/categories?post=5431"},{"taxonomy":"post_tag","embeddable":true,"href":"https:\/\/akdn.fr\/index.php\/wp-json\/wp\/v2\/tags?post=5431"}],"curies":[{"name":"wp","href":"https:\/\/api.w.org\/{rel}","templated":true}]}}